{"id":13842,"date":"2026-02-19T18:24:34","date_gmt":"2026-02-19T18:24:34","guid":{"rendered":"https:\/\/azzk.me\/?p=13842"},"modified":"2026-02-19T18:24:34","modified_gmt":"2026-02-19T18:24:34","slug":"u-skoplju-odrzana-regionalna-radionica-o-drzavnoj-pomoci","status":"publish","type":"post","link":"https:\/\/azzk.me\/en\/2026\/02\/19\/u-skoplju-odrzana-regionalna-radionica-o-drzavnoj-pomoci\/","title":{"rendered":"U Skoplju odr\u017eana regionalna radionica o dr\u017eavnoj pomo\u0107i"},"content":{"rendered":"<p>U Skoplju (Republika Sjeverna Makedonija) je 17. i 18. II 2026. odr\u017eana\u00a0<b>Regionalna radionica o upravljanju dr\u017eavnom pomo\u0107i na Zapadnom Balkanu: Transparentnost, uskla\u0111ivanje s regulativama EU i regionalna saradnja<\/b>, koju je organizovao &#8220;<b>Finance Think<\/b>&#8221; Institut za ekonomska istra\u017eivanja i politiku u saradnji s partnerima, me\u0111u kojima je i crnogorski Institut za strate\u0161ke studije i prognoze \u2013 ISSP.<\/p>\n<div dir=\"auto\">\n<div dir=\"auto\">Na ovom doga\u0111aju su, kroz strukturisani dijalog, razmijenjena iskustva i informacije o praksama dr\u017eavne pomo\u0107i na prostoru zapadnobalkanskih zemalja, u kontekstu uskla\u0111ivanja sa standardima Evropske unije. Zajedni\u010dki su istra\u017eeni prakti\u010dni na\u010dini za osmi\u0161ljavanje mjera javne podr\u0161ke koje su srazmjerne, kvalitetno usmjerene, kao i uskla\u0111ene s regionalnim prioritetima i standardima Evropske unije, \u010dime se podr\u017eava konvergencija s Unijom i osigurava dugoro\u010dni uspjeh na jedinstvenom tr\u017ei\u0161tu.<\/div>\n<div dir=\"auto\"><\/div>\n<div dir=\"auto\">Na uvodnom panelu prvog dana izlaganje je odr\u017eao i predsjednik Savjeta Agencije za za\u0161titu konkurencije,\u00a0<b>Dragan Damjanovi\u0107<\/b>, koji je upoznao prisutne s konkretnim rezultatima koje je Crna Gora ostvarila u proteklom periodu na planu kontrole dr\u017eavne pomo\u0107i. Posebno je naglasio korake usmjerene ka podizanju nivoa transparentnosti, dok je, u kontekstu evropske integracije, apostrofirao napredak ostvaren na putu ka zatvaranju pregovara\u010dkog poglavlja 8 &#8211;\u00a0<i>Konkurencija<\/i>.<\/div>\n<div dir=\"auto\">\n<figure id=\"attachment_13843\" aria-describedby=\"caption-attachment-13843\" style=\"width: 1709px\" class=\"wp-caption aligncenter\"><img fetchpriority=\"high\" decoding=\"async\" class=\"size-full wp-image-13843\" src=\"https:\/\/azzk.me\/wp-content\/uploads\/2026\/02\/1000087188-scaled.jpg\" alt=\"\" width=\"1709\" height=\"2560\" srcset=\"https:\/\/azzk.me\/wp-content\/uploads\/2026\/02\/1000087188-scaled.jpg 1709w, https:\/\/azzk.me\/wp-content\/uploads\/2026\/02\/1000087188-200x300.jpg 200w, https:\/\/azzk.me\/wp-content\/uploads\/2026\/02\/1000087188-684x1024.jpg 684w, https:\/\/azzk.me\/wp-content\/uploads\/2026\/02\/1000087188-134x200.jpg 134w, https:\/\/azzk.me\/wp-content\/uploads\/2026\/02\/1000087188-768x1150.jpg 768w, https:\/\/azzk.me\/wp-content\/uploads\/2026\/02\/1000087188-1025x1536.jpg 1025w, https:\/\/azzk.me\/wp-content\/uploads\/2026\/02\/1000087188-1367x2048.jpg 1367w\" sizes=\"(max-width: 1709px) 100vw, 1709px\" \/><figcaption id=\"caption-attachment-13843\" class=\"wp-caption-text\">VDzambaski<\/figcaption><\/figure>\n<\/div>\n<div dir=\"auto\"><\/div>\n<div dir=\"auto\">Delegaciju crnogorskih dr\u017eavnih institucija, osim predsjednika Savjeta Agencije za za\u0161titu konkurencije, \u010dinili su i\u00a0<b>Radovan Ognjenovi\u0107<\/b>\u00a0iz Odjeljenja za me\u0111unarodnu saradnju i informisanje medija AZK, kao i predstavnici\u00a0<b>Ministarstva finansija<\/b>.<\/div>\n<div dir=\"auto\"><img decoding=\"async\" class=\"aligncenter size-full wp-image-13847\" src=\"https:\/\/azzk.me\/wp-content\/uploads\/2026\/02\/1000087149.jpg\" alt=\"\" width=\"1200\" height=\"1600\" srcset=\"https:\/\/azzk.me\/wp-content\/uploads\/2026\/02\/1000087149.jpg 1200w, https:\/\/azzk.me\/wp-content\/uploads\/2026\/02\/1000087149-225x300.jpg 225w, https:\/\/azzk.me\/wp-content\/uploads\/2026\/02\/1000087149-768x1024.jpg 768w, https:\/\/azzk.me\/wp-content\/uploads\/2026\/02\/1000087149-150x200.jpg 150w, https:\/\/azzk.me\/wp-content\/uploads\/2026\/02\/1000087149-1152x1536.jpg 1152w\" sizes=\"(max-width: 1200px) 100vw, 1200px\" \/><\/div>\n<\/div>\n","protected":false},"excerpt":{"rendered":"<p>U Skoplju (Republika Sjeverna Makedonija) je 17. i 18. II 2026. odr\u017eana\u00a0Regionalna radionica o upravljanju dr\u017eavnom pomo\u0107i na Zapadnom Balkanu: Transparentnost, uskla\u0111ivanje s regulativama EU i regionalna saradnja, koju je organizovao &#8220;Finance Think&#8221; Institut za ekonomska istra\u017eivanja i politiku u saradnji s partnerima, me\u0111u kojima je i crnogorski Institut za strate\u0161ke studije i prognoze \u2013 [&hellip;]<\/p>\n","protected":false},"author":1,"featured_media":13845,"comment_status":"closed","ping_status":"closed","sticky":false,"template":"","format":"standard","meta":{"footnotes":""},"categories":[1],"tags":[],"class_list":["post-13842","post","type-post","status-publish","format-standard","has-post-thumbnail","hentry","category-vijesti"],"_links":{"self":[{"href":"https:\/\/azzk.me\/en\/wp-json\/wp\/v2\/posts\/13842","targetHints":{"allow":["GET"]}}],"collection":[{"href":"https:\/\/azzk.me\/en\/wp-json\/wp\/v2\/posts"}],"about":[{"href":"https:\/\/azzk.me\/en\/wp-json\/wp\/v2\/types\/post"}],"author":[{"embeddable":true,"href":"https:\/\/azzk.me\/en\/wp-json\/wp\/v2\/users\/1"}],"replies":[{"embeddable":true,"href":"https:\/\/azzk.me\/en\/wp-json\/wp\/v2\/comments?post=13842"}],"version-history":[{"count":1,"href":"https:\/\/azzk.me\/en\/wp-json\/wp\/v2\/posts\/13842\/revisions"}],"predecessor-version":[{"id":13849,"href":"https:\/\/azzk.me\/en\/wp-json\/wp\/v2\/posts\/13842\/revisions\/13849"}],"wp:featuredmedia":[{"embeddable":true,"href":"https:\/\/azzk.me\/en\/wp-json\/wp\/v2\/media\/13845"}],"wp:attachment":[{"href":"https:\/\/azzk.me\/en\/wp-json\/wp\/v2\/media?parent=13842"}],"wp:term":[{"taxonomy":"category","embeddable":true,"href":"https:\/\/azzk.me\/en\/wp-json\/wp\/v2\/categories?post=13842"},{"taxonomy":"post_tag","embeddable":true,"href":"https:\/\/azzk.me\/en\/wp-json\/wp\/v2\/tags?post=13842"}],"curies":[{"name":"wp","href":"https:\/\/api.w.org\/{rel}","templated":true}]}}